{"id":417,"date":"2016-04-28T12:51:39","date_gmt":"2016-04-28T10:51:39","guid":{"rendered":"http:\/\/hkknos.eu\/?p=417"},"modified":"2017-04-25T21:03:50","modified_gmt":"2017-04-25T19:03:50","slug":"veranstaltungen-im-mai-2016-in-oberschlesien","status":"publish","type":"post","link":"https:\/\/hkknos.eu\/pl\/2016\/04\/veranstaltungen-im-mai-2016-in-oberschlesien\/","title":{"rendered":"Imprezy w maju 2016 na G\u00f3rnym \u015al\u0105sku"},"content":{"rendered":"<p><strong>Zapraszamy serdecznie na spotkania i imprezy Komisji Historycznej w maju 2016 r.!<\/strong><\/p>\n<ul>\n<li>24.05.2016 w Opolu: Seminarium: &#8222;Historia gospodarcza i spo\u0142eczna na G\u00f3rnym \u015al\u0105sku: najnowsze wyniki bada\u0144&#8221;<\/li>\n<li>25.05.2016 w\u00a0G\u0142og\u00f3wku:\u00a0Promocja 9. tomu serii pism historycznych: \u201eHistoryczny powiat g\u0142og\u00f3wecki w Katastrze Karoli\u0144skim z lat 1722\/26\u201d<\/li>\n<li>26.05.2016 w K\u00f3rnicy: \u201eHistoryczne popo\u0142udnie\u201d z wyk\u0142adami historycznymi oraz z wystaw\u0105 \u201eK\u00f3rnica i k\u00f3rniczanie na starej fotografii\u201d.<\/li>\n<\/ul>\n<p><strong>Czytaj wi\u0119cej w aktualnym \u201eHistorycznym Ok\u00f3lniku\u201c: \u00a0<a href=\"http:\/\/hkknos.eu\/wp-content\/uploads\/2016\/04\/Rundbrief-Okolnik-2016-2.pdf\">Ok\u00f3lnik 2016-2<\/a><\/strong><\/p>\n<p>&nbsp;<\/p>\n<p>&nbsp;<\/p>","protected":false},"excerpt":{"rendered":"<p>Zapraszamy serdecznie na spotkania i imprezy Komisji Historycznej w maju 2016 r.! 24.05.2016 w Opolu: Seminarium: &#8222;Historia gospodarcza i spo\u0142eczna na G\u00f3rnym \u015al\u0105sku: najnowsze wyniki bada\u0144&#8221; 25.05.2016 w\u00a0G\u0142og\u00f3wku:\u00a0Promocja 9. tomu serii pism historycznych: \u201eHistoryczny powiat g\u0142og\u00f3wecki w Katastrze Karoli\u0144skim z lat 1722\/26\u201d 26.05.2016 w K\u00f3rnicy: \u201eHistoryczne popo\u0142udnie\u201d z wyk\u0142adami historycznymi oraz z wystaw\u0105 \u201eK\u00f3rnica i &hellip; <a href=\"https:\/\/hkknos.eu\/pl\/2016\/04\/veranstaltungen-im-mai-2016-in-oberschlesien\/\" class=\"more-link\">Czytaj dalej <span class=\"screen-reader-text\">Imprezy w maju 2016 na G\u00f3rnym \u015al\u0105sku<\/span><\/a><\/p>\n","protected":false},"author":5,"featured_media":0,"comment_status":"closed","ping_status":"open","sticky":false,"template":"","format":"standard","meta":{"footnotes":""},"categories":[1],"tags":[],"class_list":["post-417","post","type-post","status-publish","format-standard","hentry","category-allgemeines"],"_links":{"self":[{"href":"https:\/\/hkknos.eu\/pl\/wp-json\/wp\/v2\/posts\/417","targetHints":{"allow":["GET"]}}],"collection":[{"href":"https:\/\/hkknos.eu\/pl\/wp-json\/wp\/v2\/posts"}],"about":[{"href":"https:\/\/hkknos.eu\/pl\/wp-json\/wp\/v2\/types\/post"}],"author":[{"embeddable":true,"href":"https:\/\/hkknos.eu\/pl\/wp-json\/wp\/v2\/users\/5"}],"replies":[{"embeddable":true,"href":"https:\/\/hkknos.eu\/pl\/wp-json\/wp\/v2\/comments?post=417"}],"version-history":[{"count":6,"href":"https:\/\/hkknos.eu\/pl\/wp-json\/wp\/v2\/posts\/417\/revisions"}],"predecessor-version":[{"id":670,"href":"https:\/\/hkknos.eu\/pl\/wp-json\/wp\/v2\/posts\/417\/revisions\/670"}],"wp:attachment":[{"href":"https:\/\/hkknos.eu\/pl\/wp-json\/wp\/v2\/media?parent=417"}],"wp:term":[{"taxonomy":"category","embeddable":true,"href":"https:\/\/hkknos.eu\/pl\/wp-json\/wp\/v2\/categories?post=417"},{"taxonomy":"post_tag","embeddable":true,"href":"https:\/\/hkknos.eu\/pl\/wp-json\/wp\/v2\/tags?post=417"}],"curies":[{"name":"wp","href":"https:\/\/api.w.org\/{rel}","templated":true}]}}