{"id":1895,"date":"2026-09-04T19:20:51","date_gmt":"2026-09-04T17:20:51","guid":{"rendered":"https:\/\/hkknos.eu\/?p=1895"},"modified":"2026-09-04T19:31:59","modified_gmt":"2026-09-04T17:31:59","slug":"historische-staetten-des-20-und-21-jahrhunderts-2","status":"publish","type":"post","link":"https:\/\/hkknos.eu\/pl\/2026\/09\/historische-staetten-des-20-und-21-jahrhunderts-2\/","title":{"rendered":"&#8221;Historia \u017cycia codziennego na G\u00f3rnym \u015al\u0105sku od XIII do XXI wieku  na przyk\u0142adzie spo\u0142eczno\u015bci wiejskiej Kierpnia w powiecie prudnickim\u201d \u2013 Zaproszenie na prezentacj\u0119 ksi\u0105\u017cki, 23.09.2026 r."},"content":{"rendered":"<p><\/p>\n<p class=\"yiv6096443588isSelectedEnd\">Drodzy Cz\u0142onkowie i Przyjaciele Komisji Historycznej,<\/p>\n<p class=\"yiv6096443588isSelectedEnd\">chcia\u0142bym serdecznie zaprosi\u0107 Pa\u0144stwa na prezentacj\u0119 mojej nowej ksi\u0105\u017cki<\/p>\n<p class=\"yiv6096443588isSelectedEnd\"><strong>&#8222;<\/strong><b>Historia \u017cycia codziennego na G\u00f3rnym \u015al\u0105sku od XIII do XXI wieku<\/b><\/p>\n<div>\n<p class=\"yiv6096443588MsoNormal\"><strong>na przyk\u0142adzie spo\u0142eczno\u015bci wiejskiej Kierpnia w powiecie prudnickim\u201d<\/strong><\/p>\n<\/div>\n<p>&nbsp;<\/p>\n<p class=\"yiv6096443588isSelectedEnd\">Prezentacja ksi\u0105\u017cki odb\u0119dzie si\u0119:<\/p>\n<p class=\"yiv6096443588isSelectedEnd\"><strong>w \u015brod\u0119, 23 wrze\u015bnia 2026 r., o godz. 18:00<\/strong><\/p>\n<p class=\"yiv6096443588isSelectedEnd\"><strong>w Swietlica w Kierpnia (80a).<\/strong><\/p>\n<p class=\"yiv6096443588isSelectedEnd\">B\u0119dzie mi bardzo mi\u0142o, je\u015bli zechc\u0105 Pa\u0144stwo przyby\u0107. Oczywi\u015bcie mo\u017cna r\u00f3wnie\u017c zaprosi\u0107 ze sob\u0105 zainteresowanych go\u015bci.\u00a0Spotkanie odb\u0119dzie si\u0119 dwuj\u0119zycznie \u2013 w j\u0119zyku niemieckim i polskim.<\/p>\n<p class=\"yiv6096443588isSelectedEnd\">Mam nadziej\u0119, \u017ce b\u0119d\u0119 m\u00f3g\u0142 powita\u0107 Pa\u0144stwa na tym spotkaniu.<\/p>\n<p class=\"yiv6096443588isSelectedEnd\">Z serdecznymi pozdrowieniami<\/p>\n<p>Wasz Ralph (Wrobel)<\/p>","protected":false},"excerpt":{"rendered":"<p>Drodzy Cz\u0142onkowie i Przyjaciele Komisji Historycznej, chcia\u0142bym serdecznie zaprosi\u0107 Pa\u0144stwa na prezentacj\u0119 mojej nowej ksi\u0105\u017cki &#8222;Historia \u017cycia codziennego na G\u00f3rnym \u015al\u0105sku od XIII do XXI wieku na przyk\u0142adzie spo\u0142eczno\u015bci wiejskiej Kierpnia w powiecie prudnickim\u201d &nbsp; Prezentacja ksi\u0105\u017cki odb\u0119dzie si\u0119: w \u015brod\u0119, 23 wrze\u015bnia 2026 r., o godz. 18:00 w Swietlica w Kierpnia (80a). B\u0119dzie mi &hellip; <a href=\"https:\/\/hkknos.eu\/pl\/2026\/09\/historische-staetten-des-20-und-21-jahrhunderts-2\/\" class=\"more-link\">Czytaj dalej <span class=\"screen-reader-text\">&#8221;Historia \u017cycia codziennego na G\u00f3rnym \u015al\u0105sku od XIII do XXI wieku  na przyk\u0142adzie spo\u0142eczno\u015bci wiejskiej Kierpnia w powiecie prudnickim\u201d \u2013 Zaproszenie na prezentacj\u0119 ksi\u0105\u017cki, 23.09.2026 r.<\/span><\/a><\/p>\n","protected":false},"author":2,"featured_media":1899,"comment_status":"closed","ping_status":"closed","sticky":false,"template":"","format":"standard","meta":{"footnotes":""},"categories":[7],"tags":[50],"class_list":["post-1895","post","type-post","status-publish","format-standard","has-post-thumbnail","hentry","category-reisen","tag-studienfahrt"],"_links":{"self":[{"href":"https:\/\/hkknos.eu\/pl\/wp-json\/wp\/v2\/posts\/1895","targetHints":{"allow":["GET"]}}],"collection":[{"href":"https:\/\/hkknos.eu\/pl\/wp-json\/wp\/v2\/posts"}],"about":[{"href":"https:\/\/hkknos.eu\/pl\/wp-json\/wp\/v2\/types\/post"}],"author":[{"embeddable":true,"href":"https:\/\/hkknos.eu\/pl\/wp-json\/wp\/v2\/users\/2"}],"replies":[{"embeddable":true,"href":"https:\/\/hkknos.eu\/pl\/wp-json\/wp\/v2\/comments?post=1895"}],"version-history":[{"count":2,"href":"https:\/\/hkknos.eu\/pl\/wp-json\/wp\/v2\/posts\/1895\/revisions"}],"predecessor-version":[{"id":1897,"href":"https:\/\/hkknos.eu\/pl\/wp-json\/wp\/v2\/posts\/1895\/revisions\/1897"}],"wp:featuredmedia":[{"embeddable":true,"href":"https:\/\/hkknos.eu\/pl\/wp-json\/wp\/v2\/media\/1899"}],"wp:attachment":[{"href":"https:\/\/hkknos.eu\/pl\/wp-json\/wp\/v2\/media?parent=1895"}],"wp:term":[{"taxonomy":"category","embeddable":true,"href":"https:\/\/hkknos.eu\/pl\/wp-json\/wp\/v2\/categories?post=1895"},{"taxonomy":"post_tag","embeddable":true,"href":"https:\/\/hkknos.eu\/pl\/wp-json\/wp\/v2\/tags?post=1895"}],"curies":[{"name":"wp","href":"https:\/\/api.w.org\/{rel}","templated":true}]}}