{"id":1447,"date":"2022-03-23T14:14:37","date_gmt":"2022-03-23T13:14:37","guid":{"rendered":"https:\/\/hkknos.eu\/?p=1447"},"modified":"2022-03-23T14:47:14","modified_gmt":"2022-03-23T13:47:14","slug":"historische-woche-in-oberschlesien-vom-18-bis-23-april-2022","status":"publish","type":"post","link":"https:\/\/hkknos.eu\/pl\/2022\/03\/historische-woche-in-oberschlesien-vom-18-bis-23-april-2022\/","title":{"rendered":"&#8221;Tydzie\u0144 Historyczny&#8221; na G\u00f3rnym \u015al\u0105sku w dniach 18-23. kwietnia 2022"},"content":{"rendered":"<p>Komisja Historyczna Powiatu Prudnickiego ponownie organizuje &#8222;Tydzie\u0144 Historyczny&#8221; w dniach od 18 do 23 kwietnia 2022 r.<\/p>\n<p>Odb\u0119d\u0105 si\u0119 prezentacje ksi\u0105\u017cek (np. &#8222;Circulus Neostadiensis &#8211; Studia z historii powiatu prudnickiego&#8221;), wyk\u0142ady, wizyty w archiwach, spotkania z cz\u0142onkami Komisji z Niemiec i Polski, a tak\u017ce z przyjaci\u00f3\u0142mi stowarzyszenia, z przedstawicielami r\u00f3\u017cnych lokalnych klub\u00f3w i stowarzysze\u0144, oraz z lokalnymi politykami.<\/p>\n<p><img loading=\"lazy\" decoding=\"async\" class=\"wp-image-1454 size-large aligncenter\" src=\"http:\/\/hkknos.eu\/wp-content\/uploads\/2022\/03\/OKLADKA-widok-rozlozonej-ksiazki-1024x654.jpg\" alt=\"\" width=\"660\" height=\"422\" srcset=\"https:\/\/hkknos.eu\/wp-content\/uploads\/2022\/03\/OKLADKA-widok-rozlozonej-ksiazki-1024x654.jpg 1024w, https:\/\/hkknos.eu\/wp-content\/uploads\/2022\/03\/OKLADKA-widok-rozlozonej-ksiazki-300x192.jpg 300w, https:\/\/hkknos.eu\/wp-content\/uploads\/2022\/03\/OKLADKA-widok-rozlozonej-ksiazki-768x490.jpg 768w, https:\/\/hkknos.eu\/wp-content\/uploads\/2022\/03\/OKLADKA-widok-rozlozonej-ksiazki-1536x981.jpg 1536w, https:\/\/hkknos.eu\/wp-content\/uploads\/2022\/03\/OKLADKA-widok-rozlozonej-ksiazki-2048x1308.jpg 2048w\" sizes=\"auto, (max-width: 660px) 100vw, 660px\" \/><\/p>\n<p><strong>Wszystkich zainteresowanych serdecznie zapraszamy na poni\u017csze wydarzenia! Imprezy b\u0119d\u0105 odbywa\u0107 si\u0119 dwuj\u0119zycznie (po niemiecku i po polsku). Wst\u0119p na imprezy jest bezp\u0142atny. <\/strong><\/p>\n<p><strong><u>Program: <\/u><\/strong><\/p>\n<p><strong>Wtorek, 19.04.2022 r. godz. 17:00 <\/strong><strong>w Gminnym Centrum Kultury, 48-210 Bia\u0142a, ul. Prudnicka 35: <\/strong>Prezentacja publikacji \u201eCirculus Neostadiensis &#8211; Studia z historii powiatu prudnickiego\u201c\u00a0 (Andreas Smarzly)<\/p>\n<p><strong>\u015aroda, 20.04.2022 r. godz. 15:00 <\/strong><strong>w \u015awietlicy, Kierpie\u0144 80A, 48-250 G\u0142og\u00f3wek: <\/strong>Wyk\u0142ad z dyskusj\u0105 \u201eKierpie\u0144 w roku 1300, 1800, 2000 &#8211; Rekonstrukcja por\u00f3wnawcza\u201d (Ralph Wrobel)<\/p>\n<p><strong>\u015aroda, 20.04.2022 r. godz. 18.00 <\/strong><strong>w Zespole Szkolno-Przedszkolnym, 47-300 K\u00f3rnica, ul. G\u0142\u00f3wna: <\/strong>Prezentacja ksi\u0105\u017cki \u201e\u017bycie i dzia\u0142alno\u015b\u0107 misyjna o. Val\u00e9ria Kirscha z K\u00f3rnicy\u201d (Andrea Smolarz) oraz prezentacja publikacji \u201eCirculus Neostadiensis &#8211; Studia z historii powiatu prudnickiego\u201c (Andreas Smarzly)<\/p>\n<p><strong>Czwartek, 21.04.2022 r. godz. 18:00 <\/strong><strong>w Muzeum Ziemi Prudnickiej, Boles\u0142awa Chrobrego 5, Prudnik: <\/strong>Prezentacja publikacji \u201eCirculus Neostadiensis &#8211; Studia z historii powiatu prudnickiego\u201c (Andreas Smarzly)<\/p>\n<p><strong>Pi\u0105tek, 22.04.2022 r. godz. 15:00 <\/strong><strong>w Muzeum Regionalnym, ul. S\u0142owackiego 1, 48-250 G\u0142og\u00f3wek: <\/strong>Prezentacja publikacji \u201eCirculus Neostadiensis &#8211; Studia z historii powiatu prudnickiego\u201c\u00a0oraz dalszych publikacji HKKNOS (Andreas Smarzly, Ralph Wrobel)<\/p>\n<p><strong>Pi\u0105tek, 22.04.2022 r. godz. 17:30 <\/strong><strong>w Muzeum Regionalnym, ul. S\u0142owackiego 1, 48-250 G\u0142og\u00f3wek: <\/strong><strong><u>Nadzwyczajne Zgromadzenie Cz\u0142onk\u00f3w HKKNOS <\/u><\/strong><\/p>\n<p><em>Temat 1: Sprawozdanie Zarz\u0105du<\/em><\/p>\n<p><em>Temat 2: Wprowadzenie sk\u0142adki cz\u0142onkowskiej dla cz\u0142onk\u00f3w w Polsce<\/em><\/p>\n<p><em>\u00a0\u00a0\u00a0\u00a0\u00a0\u00a0\u00a0\u00a0\u00a0\u00a0\u00a0\u00a0 &#8211; Punkty podstawowe<\/em><\/p>\n<p><em>\u00a0\u00a0\u00a0\u00a0\u00a0\u00a0\u00a0\u00a0\u00a0\u00a0\u00a0\u00a0 &#8211; Kwota wk\u0142adu<\/em><\/p>\n<p><em>\u00a0\u00a0\u00a0\u00a0\u00a0\u00a0\u00a0\u00a0\u00a0\u00a0\u00a0\u00a0 &#8211; Wyj\u0105tki od obowi\u0105zku wp\u0142acania sk\u0142adek<\/em><\/p>\n<p><em>\u00a0\u00a0\u00a0\u00a0\u00a0\u00a0\u00a0\u00a0\u00a0\u00a0\u00a0\u00a0 &#8211; Spos\u00f3b p\u0142atno\u015bci<\/em><\/p>\n<p><em>Temat 3: Projekty transgraniczne<\/em><\/p>\n<p><em>Temat 4: R\u00f3\u017cne<\/em><\/p>\n<p><em>Temat 6: Kameralne spotkanie \/ wymiana pogl\u0105d\u00f3w<\/em><\/p>\n<p>&nbsp;<\/p>\n<p>&nbsp;<\/p>\n<p>&nbsp;<\/p>","protected":false},"excerpt":{"rendered":"<p>Komisja Historyczna Powiatu Prudnickiego ponownie organizuje &#8222;Tydzie\u0144 Historyczny&#8221; w dniach od 18 do 23 kwietnia 2022 r. Odb\u0119d\u0105 si\u0119 prezentacje ksi\u0105\u017cek (np. &#8222;Circulus Neostadiensis &#8211; Studia z historii powiatu prudnickiego&#8221;), wyk\u0142ady, wizyty w archiwach, spotkania z cz\u0142onkami Komisji z Niemiec i Polski, a tak\u017ce z przyjaci\u00f3\u0142mi stowarzyszenia, z przedstawicielami r\u00f3\u017cnych lokalnych klub\u00f3w i stowarzysze\u0144, oraz &hellip; <a href=\"https:\/\/hkknos.eu\/pl\/2022\/03\/historische-woche-in-oberschlesien-vom-18-bis-23-april-2022\/\" class=\"more-link\">Czytaj dalej <span class=\"screen-reader-text\">&#8221;Tydzie\u0144 Historyczny&#8221; na G\u00f3rnym \u015al\u0105sku w dniach 18-23. kwietnia 2022<\/span><\/a><\/p>\n","protected":false},"author":5,"featured_media":0,"comment_status":"closed","ping_status":"closed","sticky":false,"template":"","format":"standard","meta":{"footnotes":""},"categories":[1],"tags":[],"class_list":["post-1447","post","type-post","status-publish","format-standard","hentry","category-allgemeines"],"_links":{"self":[{"href":"https:\/\/hkknos.eu\/pl\/wp-json\/wp\/v2\/posts\/1447","targetHints":{"allow":["GET"]}}],"collection":[{"href":"https:\/\/hkknos.eu\/pl\/wp-json\/wp\/v2\/posts"}],"about":[{"href":"https:\/\/hkknos.eu\/pl\/wp-json\/wp\/v2\/types\/post"}],"author":[{"embeddable":true,"href":"https:\/\/hkknos.eu\/pl\/wp-json\/wp\/v2\/users\/5"}],"replies":[{"embeddable":true,"href":"https:\/\/hkknos.eu\/pl\/wp-json\/wp\/v2\/comments?post=1447"}],"version-history":[{"count":4,"href":"https:\/\/hkknos.eu\/pl\/wp-json\/wp\/v2\/posts\/1447\/revisions"}],"predecessor-version":[{"id":1461,"href":"https:\/\/hkknos.eu\/pl\/wp-json\/wp\/v2\/posts\/1447\/revisions\/1461"}],"wp:attachment":[{"href":"https:\/\/hkknos.eu\/pl\/wp-json\/wp\/v2\/media?parent=1447"}],"wp:term":[{"taxonomy":"category","embeddable":true,"href":"https:\/\/hkknos.eu\/pl\/wp-json\/wp\/v2\/categories?post=1447"},{"taxonomy":"post_tag","embeddable":true,"href":"https:\/\/hkknos.eu\/pl\/wp-json\/wp\/v2\/tags?post=1447"}],"curies":[{"name":"wp","href":"https:\/\/api.w.org\/{rel}","templated":true}]}}