{"id":143,"date":"2014-06-21T11:20:39","date_gmt":"2014-06-21T09:20:39","guid":{"rendered":"http:\/\/press.hkknos.org\/?p=143"},"modified":"2018-02-07T02:01:18","modified_gmt":"2018-02-07T01:01:18","slug":"vortragsreihe-in-oberschlesien-vom-15-19-juni-2014","status":"publish","type":"post","link":"https:\/\/hkknos.eu\/pl\/2014\/06\/vortragsreihe-in-oberschlesien-vom-15-19-juni-2014\/","title":{"rendered":"Cykl odczyt\u00f3w na \u015al\u0105sku od 15 do 19 czerwca 2014"},"content":{"rendered":"<p>W marcu 2014 r. HKKNOS ustali\u0142a now\u0105 strategi\u0119, pod roboczym tytu\u0142 &#8222;Go East&#8221; przewiduj\u0105c\u0105 rozw\u00f3j wsp\u00f3\u0142pracy w ramach podejmowanych na \u015al\u0105sku inicjatyw powi\u0105zanych z badaniem historii lokalnej i regionalnej powiatu prudnickiego. W ramach tej strategii w dniach od 15 do 19 czerwca 2014 w powiecie prudnickim mia\u0142y miejsce wydarzenia, wyk\u0142ady i prezentacje ksi\u0105\u017cek. W tym celu kompletny zarz\u0105d, a tak\u017ce licznie cz\u0142okowie HKKNOS (prof. dr Ralph Wrobel, Andreas Smarzly, Rosemarie i Werner Matulla, dr Joachim Himanek, Renate i Herbert Schindler oraz Sebastian K\u00f6nig z rodzin\u0105) udali si\u0119 z Niemiec na \u015al\u0105sk.<\/p>\n<figure style=\"width: 1024px\" class=\"wp-caption aligncenter\"><a href=\"http:\/\/docs.hkknos.de\/2014\/PresBlasch1.JPG\"><img loading=\"lazy\" decoding=\"async\" src=\"http:\/\/docs.hkknos.de\/2014\/PresBlasch1.JPG\" alt=\"\" width=\"1024\" height=\"767\" \/><\/a><figcaption class=\"wp-caption-text\">Prezentacja w B\u0142a\u017cejowicach (staroska Roszkowski, Wrobel, Zgorzelska, Smarzly, wicestarosta Skiba)<\/figcaption><\/figure>\n<figure style=\"width: 513px\" class=\"wp-caption aligncenter\"><a href=\"http:\/\/docs.hkknos.de\/2014\/PresBlasch2.JPG\"><img loading=\"lazy\" decoding=\"async\" class=\"\" src=\"http:\/\/docs.hkknos.de\/2014\/PresBlasch2.JPG\" alt=\"\" width=\"513\" height=\"768\" \/><\/a><figcaption class=\"wp-caption-text\">Prezentacja w B\u0142a\u017cejowicach (Smarzly)<\/figcaption><\/figure>\n<figure style=\"width: 815px\" class=\"wp-caption aligncenter\"><a href=\"http:\/\/docs.hkknos.de\/2014\/PresBlasch3.JPG\"><img loading=\"lazy\" decoding=\"async\" class=\"\" src=\"http:\/\/docs.hkknos.de\/2014\/PresBlasch3.JPG\" alt=\"\" width=\"815\" height=\"608\" \/><\/a><figcaption class=\"wp-caption-text\">Wyst\u0119p dzieci podczas prezentacji w B\u0142a\u017cejowicach<\/figcaption><\/figure>\n<figure style=\"width: 1936px\" class=\"wp-caption aligncenter\"><a href=\"http:\/\/docs.hkknos.de\/2014\/Autogrammstunde.JPG\"><img loading=\"lazy\" decoding=\"async\" class=\"\" src=\"http:\/\/docs.hkknos.de\/2014\/Autogrammstunde.JPG\" alt=\"\" width=\"1936\" height=\"1296\" \/><\/a><figcaption class=\"wp-caption-text\">B\u0142a\u017cejowice, czas na rozdawanie autograf\u00f3w (Smarzly, Roszkowski, Skiba)<\/figcaption><\/figure>\n<figure style=\"width: 1024px\" class=\"wp-caption aligncenter\"><a href=\"http:\/\/docs.hkknos.de\/2014\/PresPechh1.JPG\"><img loading=\"lazy\" decoding=\"async\" class=\"\" src=\"http:\/\/docs.hkknos.de\/2014\/PresPechh1.JPG\" alt=\"\" width=\"1024\" height=\"685\" \/><\/a><figcaption class=\"wp-caption-text\">Prezentacja w Smolarni (Podobi\u0144ski, Hellfeier)<\/figcaption><\/figure>\n<figure style=\"width: 911px\" class=\"wp-caption aligncenter\"><a href=\"http:\/\/docs.hkknos.de\/2014\/PresPechh2.JPG\"><img loading=\"lazy\" decoding=\"async\" class=\"\" src=\"http:\/\/docs.hkknos.de\/2014\/PresPechh2.JPG\" alt=\"\" width=\"911\" height=\"768\" \/><\/a><figcaption class=\"wp-caption-text\">Prezentacja w Smolarni (Himanek i Wrobel)<\/figcaption><\/figure>\n<figure style=\"width: 763px\" class=\"wp-caption aligncenter\"><a href=\"http:\/\/docs.hkknos.de\/2014\/PresPechh3.JPG\"><img loading=\"lazy\" decoding=\"async\" class=\"\" src=\"http:\/\/docs.hkknos.de\/2014\/PresPechh3.JPG\" alt=\"\" width=\"763\" height=\"768\" \/><\/a><figcaption class=\"wp-caption-text\">Pami\u0105tkowe zdj\u0119cie z zako\u0144czenia prezentacji w Smolarni (Wrobel, Hellfeier, G\u00f3reczka, Smarzly i Himanek)<\/figcaption><\/figure>\n<hr \/>\n<h2>Wi\u0119cej informacji znajduje si\u0119 w poni\u017cszym linku:<\/h2>\n<p><a href=\"http:\/\/docs.hkknos.de\/2014\/Bericht_Vortragsreihe_polnisch.pdf\">Seria wyk\u0142ad\u00f3w wyg\u0142oszonych na G\u00f3rnym \u015al\u0105sku w dniach 15.06-19.06.2014 r. <\/a><\/p>\n<h2>Z lokalnej prasy:<\/h2>\n<ul>\n<li><a href=\"http:\/\/docs.hkknos.de\/2014\/TP_2014-06-25.pdf\">Tygodnik Prudnicki, nr 26, 25.06.2014<\/a><\/li>\n<li><a href=\"http:\/\/docs.hkknos.de\/2014\/TP_2014-07-23.pdf\">Tygodnik Prudnicki, nr 30, 23.07.2014<\/a><\/li>\n<li><a href=\"http:\/\/docs.hkknos.de\/2014\/ZG_7-8.2014.JPG\">\u017bycie G\u0142og\u00f3wka, lipiec-sierpie\u0144 2014<\/a><\/li>\n<\/ul>\n<p><\/p>","protected":false},"excerpt":{"rendered":"<p>W marcu 2014 r. HKKNOS ustali\u0142a now\u0105 strategi\u0119, pod roboczym tytu\u0142 &#8222;Go East&#8221; przewiduj\u0105c\u0105 rozw\u00f3j wsp\u00f3\u0142pracy w ramach podejmowanych na \u015al\u0105sku inicjatyw powi\u0105zanych z badaniem historii lokalnej i regionalnej powiatu prudnickiego. W ramach tej strategii w dniach od 15 do 19 czerwca 2014 w powiecie prudnickim mia\u0142y miejsce wydarzenia, wyk\u0142ady i prezentacje ksi\u0105\u017cek. W tym &hellip; <a href=\"https:\/\/hkknos.eu\/pl\/2014\/06\/vortragsreihe-in-oberschlesien-vom-15-19-juni-2014\/\" class=\"more-link\">Czytaj dalej <span class=\"screen-reader-text\">Cykl odczyt\u00f3w na \u015al\u0105sku od 15 do 19 czerwca 2014<\/span><\/a><\/p>\n","protected":false},"author":2,"featured_media":0,"comment_status":"closed","ping_status":"open","sticky":false,"template":"","format":"standard","meta":{"footnotes":""},"categories":[7,16],"tags":[37,38,21,22],"class_list":["post-143","post","type-post","status-publish","format-standard","hentry","category-reisen","category-vortraege","tag-hellfeier","tag-himanek","tag-smarzly","tag-wrobel"],"_links":{"self":[{"href":"https:\/\/hkknos.eu\/pl\/wp-json\/wp\/v2\/posts\/143","targetHints":{"allow":["GET"]}}],"collection":[{"href":"https:\/\/hkknos.eu\/pl\/wp-json\/wp\/v2\/posts"}],"about":[{"href":"https:\/\/hkknos.eu\/pl\/wp-json\/wp\/v2\/types\/post"}],"author":[{"embeddable":true,"href":"https:\/\/hkknos.eu\/pl\/wp-json\/wp\/v2\/users\/2"}],"replies":[{"embeddable":true,"href":"https:\/\/hkknos.eu\/pl\/wp-json\/wp\/v2\/comments?post=143"}],"version-history":[{"count":18,"href":"https:\/\/hkknos.eu\/pl\/wp-json\/wp\/v2\/posts\/143\/revisions"}],"predecessor-version":[{"id":882,"href":"https:\/\/hkknos.eu\/pl\/wp-json\/wp\/v2\/posts\/143\/revisions\/882"}],"wp:attachment":[{"href":"https:\/\/hkknos.eu\/pl\/wp-json\/wp\/v2\/media?parent=143"}],"wp:term":[{"taxonomy":"category","embeddable":true,"href":"https:\/\/hkknos.eu\/pl\/wp-json\/wp\/v2\/categories?post=143"},{"taxonomy":"post_tag","embeddable":true,"href":"https:\/\/hkknos.eu\/pl\/wp-json\/wp\/v2\/tags?post=143"}],"curies":[{"name":"wp","href":"https:\/\/api.w.org\/{rel}","templated":true}]}}