{"id":1212,"date":"2019-09-05T11:21:53","date_gmt":"2019-09-05T09:21:53","guid":{"rendered":"http:\/\/hkknos.eu\/?p=1212"},"modified":"2019-09-05T22:28:04","modified_gmt":"2019-09-05T20:28:04","slug":"call-for-papers-aufruf-zur-einreichung-von-aufsaetzen","status":"publish","type":"post","link":"https:\/\/hkknos.eu\/pl\/2019\/09\/call-for-papers-aufruf-zur-einreichung-von-aufsaetzen\/","title":{"rendered":"\u201eCall for Papers\u201c &#8211; apel o dostarczanie esej\u00f3w"},"content":{"rendered":"<p>Komisja Historyczna Powiatu Prudnickiego planuje wydanie serii ksi\u0105\u017cek:<\/p>\n<h2><strong>\u201eArtyku\u0142y o historii powiatu prudnickiego\u201c.<\/strong><\/h2>\n<p>W nieregularnej kolejno\u015bci b\u0119d\u0105 publikowane tomy artyku\u0142\u00f3w r\u00f3\u017cnych autor\u00f3w na tematy zwi\u0105zane z histori\u0105 powiatu prudnickiego. Teksty b\u0119d\u0105 ka\u017cdorazowo t\u0142umaczone na j\u0119zyk polski\/niemiecki, poniewa\u017c ksi\u0105\u017cka b\u0119dzie publikowana w wersji dwuj\u0119zycznej. Ustalono nast\u0119puj\u0105ce kryteria oddawania tekst\u00f3w do publikacji o roboczym tytule \u201eArtyku\u0142y o historii powiatu prudnickiego\u201c:<\/p>\n<ul>\n<li>Teksty w miar\u0119 mo\u017cliwo\u015bci powinny nie by\u0107 dotychczas publikowane. Ewentualne wyj\u0105tki mog\u0105 zosta\u0107 uwzgl\u0119dnione po konsultacji z zarz\u0105dem.<\/li>\n<li>Prace powinny dotyczy\u0107 temat\u00f3w zwi\u0105zanych z histori\u0105 powiatu prudnickiego w jego historycznych granicach. Tematyka artyku\u0142\u00f3w jest dowolna.<\/li>\n<li>Zakres: ok. 5-20 stron w formacie A4 (10-40 w formacie A5), r\u00f3wnie\u017c tutaj dopuszcza si\u0119 w uzasadnionych przypadkach wyj\u0105tki od powy\u017cszej regu\u0142y.<\/li>\n<li>Wielko\u015b\u0107 czcionki \u201eGaramond\u201c 11.<\/li>\n<li>Grafiki, jak zdj\u0119cia, obrazy, rysunki, mapy itp. nale\u017cy uwzgl\u0119dni\u0107 w tek\u015bcie (wydruk planujemy w kolorze czarno-bia\u0142ym).<\/li>\n<li>HKKNOS prosi o zachowanie przy sporz\u0105dzaniu tekst\u00f3w minimalnych wytycznych dla tekst\u00f3w naukowych. Nale\u017cy pami\u0119ta\u0107 o podawaniu \u017ar\u00f3de\u0142. Wskaz\u00f3wki odno\u015bnie idealnego sposobu sporz\u0105dzania manuskrypt\u00f3w\/ wytyczne dotycz\u0105ce sposobu cytowania znajduj\u0105 si\u0119 w wersji online pod adresem: <a href=\"https:\/\/www.kulturwerk-schlesien.de\/unsereveroeffentlichungen\/528.Jahrbuch-fuer-schlesische-Kultur-und-Geschichte.html\">https:\/\/www.kulturwerk-schlesien.de\/unsereveroeffentlichungen\/528.Jahrbuch-fuer-schlesische-Kultur-und-Geschichte.html<\/a><\/li>\n<\/ul>\n<p><strong>Je\u015bli jest Pan\/Pani w trakcie prac badawczych lub w trakcie pisania eseju o historii powiatu prudnickiego <\/strong>\u00a0<strong>a Pani\/Pana praca spe\u0142nia wy\u017cej opisane kryteria, prosimy o przes\u0142anie tekstu do<\/strong> <strong>30 czerwca 2020 r.!<\/strong> <strong>Teksty prosimy przesy\u0142a\u0107 drog\u0105 elektroniczn\u0105 do cz\u0142onk\u00f3w zarz\u0105du HKKNOS:<\/strong><\/p>\n<p><a href=\"mailto:Ralph.Wrobel@hkknos.de\">Ralph.Wrobel@hkknos.de<\/a> <strong>lub <\/strong><a href=\"mailto:Andreas.Smarzly@hkknos.de\">Andreas.Smarzly@hkknos.<\/a><a href=\"mailto:Andreas.Smarzly@hkknos.de\">de<\/a><\/p>\n<ul>\n<li><a href=\"http:\/\/hkknos.eu\/wp-content\/uploads\/2019\/08\/2019-2-cfp-pl-3.pdf\">Pobierz plik pdf<\/a><\/li>\n<\/ul>\n<p><\/p>","protected":false},"excerpt":{"rendered":"<p>Komisja Historyczna Powiatu Prudnickiego planuje wydanie serii ksi\u0105\u017cek: \u201eArtyku\u0142y o historii powiatu prudnickiego\u201c. W nieregularnej kolejno\u015bci b\u0119d\u0105 publikowane tomy artyku\u0142\u00f3w r\u00f3\u017cnych autor\u00f3w na tematy zwi\u0105zane z histori\u0105 powiatu prudnickiego. Teksty b\u0119d\u0105 ka\u017cdorazowo t\u0142umaczone na j\u0119zyk polski\/niemiecki, poniewa\u017c ksi\u0105\u017cka b\u0119dzie publikowana w wersji dwuj\u0119zycznej. Ustalono nast\u0119puj\u0105ce kryteria oddawania tekst\u00f3w do publikacji o roboczym tytule \u201eArtyku\u0142y o &hellip; <a href=\"https:\/\/hkknos.eu\/pl\/2019\/09\/call-for-papers-aufruf-zur-einreichung-von-aufsaetzen\/\" class=\"more-link\">Czytaj dalej <span class=\"screen-reader-text\">\u201eCall for Papers\u201c &#8211; apel o dostarczanie esej\u00f3w<\/span><\/a><\/p>\n","protected":false},"author":7,"featured_media":0,"comment_status":"closed","ping_status":"closed","sticky":false,"template":"","format":"standard","meta":{"footnotes":""},"categories":[1],"tags":[],"class_list":["post-1212","post","type-post","status-publish","format-standard","hentry","category-allgemeines"],"_links":{"self":[{"href":"https:\/\/hkknos.eu\/pl\/wp-json\/wp\/v2\/posts\/1212","targetHints":{"allow":["GET"]}}],"collection":[{"href":"https:\/\/hkknos.eu\/pl\/wp-json\/wp\/v2\/posts"}],"about":[{"href":"https:\/\/hkknos.eu\/pl\/wp-json\/wp\/v2\/types\/post"}],"author":[{"embeddable":true,"href":"https:\/\/hkknos.eu\/pl\/wp-json\/wp\/v2\/users\/7"}],"replies":[{"embeddable":true,"href":"https:\/\/hkknos.eu\/pl\/wp-json\/wp\/v2\/comments?post=1212"}],"version-history":[{"count":6,"href":"https:\/\/hkknos.eu\/pl\/wp-json\/wp\/v2\/posts\/1212\/revisions"}],"predecessor-version":[{"id":1224,"href":"https:\/\/hkknos.eu\/pl\/wp-json\/wp\/v2\/posts\/1212\/revisions\/1224"}],"wp:attachment":[{"href":"https:\/\/hkknos.eu\/pl\/wp-json\/wp\/v2\/media?parent=1212"}],"wp:term":[{"taxonomy":"category","embeddable":true,"href":"https:\/\/hkknos.eu\/pl\/wp-json\/wp\/v2\/categories?post=1212"},{"taxonomy":"post_tag","embeddable":true,"href":"https:\/\/hkknos.eu\/pl\/wp-json\/wp\/v2\/tags?post=1212"}],"curies":[{"name":"wp","href":"https:\/\/api.w.org\/{rel}","templated":true}]}}